{"id":280,"date":"2011-09-27T23:38:11","date_gmt":"2011-09-27T21:38:11","guid":{"rendered":"http:\/\/www.werkpaedagogik.de\/?p=280"},"modified":"2011-09-27T23:38:11","modified_gmt":"2011-09-27T21:38:11","slug":"erst-design-macht-das-leben-fein","status":"publish","type":"post","link":"https:\/\/www.werkpaedagogik.de\/?p=280","title":{"rendered":"Erst Design macht das Leben fein!"},"content":{"rendered":"<p><a href=\"http:\/\/www.trommelbauer.de\/wp-content\/uploads\/2011\/09\/Designfestival-Praxis.jpg\"><img loading=\"lazy\" decoding=\"async\" title=\"Designfestival Praxis\" class=\"alignleft\" src=\"http:\/\/www.trommelbauer.de\/wp-content\/uploads\/2011\/09\/Designfestival-Praxis-150x150.jpg\" alt=\"\" width=\"90\" height=\"90\" \/><\/a>Einfach mal nur so sitzen, nichts weiter <a href=\"http:\/\/www.trommelbauer.de\/wp-content\/uploads\/2011\/09\/Designfestival-Stuhlmodell1.jpg\"><img loading=\"lazy\" decoding=\"async\" title=\"Designfestival Stuhlmodell1\" class=\"alignright\" src=\"http:\/\/www.trommelbauer.de\/wp-content\/uploads\/2011\/09\/Designfestival-Stuhlmodell1-150x150.jpg\" alt=\"\" width=\"90\" height=\"90\" \/><\/a>machen, nur so sitzen. Von Loriot wissen wir, das ist nicht so einfach! <a href=\"..\/wp-content\/uploads\/2011\/09\/Designfestival-Tonmodelle1.jpg\" rel=\"thumbnail\"><img decoding=\"async\" title=\"Designfestival-Tonmodelle\" src=\"..\/wp-content\/uploads\/2011\/09\/Designfestival-Tonmodelle1.jpg\" alt=\"\" \/><\/a>Aber  jetzt l\u00e4uft das Festival der Designer an der Akademie Remscheid! Da  wird nur am Thema \u201cSitzen\u201d gearbeitet. Gestern<a href=\"http:\/\/www.trommelbauer.de\/wp-content\/uploads\/2011\/09\/Designfestival-Prototyp2.jpg\"><img loading=\"lazy\" decoding=\"async\" title=\"Designfestival Prototyp2\" class=\"alignleft\" src=\"http:\/\/www.trommelbauer.de\/wp-content\/uploads\/2011\/09\/Designfestival-Prototyp2-150x150.jpg\" alt=\"\" width=\"90\" height=\"90\" \/><\/a> am Montag den 26. September 2011 hat es  angefangen und<a href=\"http:\/\/www.trommelbauer.de\/wp-content\/uploads\/2011\/09\/Designfestival-Stuhlmodell2.jpg\"><img loading=\"lazy\" decoding=\"async\" title=\"Designfestival Stuhlmodell2\" class=\"alignright\" src=\"http:\/\/www.trommelbauer.de\/wp-content\/uploads\/2011\/09\/Designfestival-Stuhlmodell2-150x150.jpg\" alt=\"\" width=\"90\" height=\"90\" \/><\/a> schon sind die ersten Ergebnisse zu sehen.  Gedankenskizzen, Modelle,  Prototypen \u2013 und alles entsteht mit Spa\u00df und  Begeisterung! Kein  Material<a href=\"http:\/\/www.trommelbauer.de\/wp-content\/uploads\/2011\/09\/Designfestival-Tonmodelle.jpg\"><img loading=\"lazy\" decoding=\"async\" title=\"Designfestival Tonmodelle\" class=\"alignleft\" src=\"http:\/\/www.trommelbauer.de\/wp-content\/uploads\/2011\/09\/Designfestival-Tonmodelle-150x150.jpg\" alt=\"\" width=\"90\" height=\"90\" \/><\/a> wird bei einem &#8222;Sitzexperiment&#8220; verschont.<\/p>\n<p>Alle Gestalterinnen und<a href=\"http:\/\/www.trommelbauer.de\/wp-content\/uploads\/2011\/09\/Designfestival-Werkstatt4.jpg\" rel=\"thumbnail\"><img loading=\"lazy\" decoding=\"async\" title=\"Designfestival Werkstatt4\" class=\"alignright\" src=\"http:\/\/www.trommelbauer.de\/wp-content\/uploads\/2011\/09\/Designfestival-Werkstatt4-150x150.jpg\" alt=\"\" width=\"90\" height=\"90\" \/><\/a> Gestalter forschen  und experimentieren um folgende Fragen zu beantworten: Wie gestaltet man ein au\u00dfergew\u00f6hnliches Sitzm\u00f6bel?<a href=\"http:\/\/www.trommelbauer.de\/wp-content\/uploads\/2011\/09\/Designfestival-Sessel.jpg\" rel=\"thumbnail\"><img loading=\"lazy\" decoding=\"async\" title=\"Designfestival Sessel\" class=\"alignleft\" src=\"http:\/\/www.trommelbauer.de\/wp-content\/uploads\/2011\/09\/Designfestival-Sessel-150x150.jpg\" alt=\"\" width=\"90\" height=\"90\" \/><\/a> Wie sieht ein Stuhl aus, auf dem man nicht nur sitzen sondern auch<a href=\"http:\/\/www.trommelbauer.de\/wp-content\/uploads\/2011\/09\/Designfestival-Werkstatt1.jpg\" rel=\"thumbnail\"><img loading=\"lazy\" decoding=\"async\" title=\"Designfestival Werkstatt1\" class=\"alignright\" src=\"http:\/\/www.trommelbauer.de\/wp-content\/uploads\/2011\/09\/Designfestival-Werkstatt1-150x150.jpg\" alt=\"\" width=\"90\" height=\"90\" \/><\/a> thronen kann? Einen Stuhl, der dem Zeitgeist weit vorauseilt und wie  ein Kunstwerk wirken kann? Heute Abend werden wir hier neue Bilder<a href=\"http:\/\/www.trommelbauer.de\/wp-content\/uploads\/2011\/09\/Designfestival-Werkstatt2.jpg\" rel=\"thumbnail\"><img loading=\"lazy\" decoding=\"async\" title=\"Designfestival Werkstatt2\" class=\"alignleft\" src=\"http:\/\/www.trommelbauer.de\/wp-content\/uploads\/2011\/09\/Designfestival-Werkstatt2-150x150.jpg\" alt=\"\" width=\"90\" height=\"90\" \/><\/a> sehen! Ein aktueller Blick in die Werkstatt der Akademie wird hier<a href=\"http:\/\/www.trommelbauer.de\/wp-content\/uploads\/2011\/09\/Braun-Designstuhl.jpg\" rel=\"thumbnail\"><img loading=\"lazy\" decoding=\"async\" title=\"Braun Designstuhl\" class=\"alignright\" src=\"http:\/\/www.trommelbauer.de\/wp-content\/uploads\/2011\/09\/Braun-Designstuhl-150x150.jpg\" alt=\"\" width=\"90\" height=\"90\" \/><\/a> m\u00f6glich!<\/p>\n<p>So sieht die Werkstatt der Akademie also am Mittwoch dem 3. Tag des kreativen Designkurses<a href=\"http:\/\/www.trommelbauer.de\/wp-content\/uploads\/2011\/09\/Designfestival-SurfinARS.jpg\"><img loading=\"lazy\" decoding=\"async\" title=\"Designfestival Surfin'ARS\" class=\"alignleft\" src=\"http:\/\/www.trommelbauer.de\/wp-content\/uploads\/2011\/09\/Designfestival-SurfinARS-150x150.jpg\" alt=\"\" width=\"91\" height=\"91\" \/><\/a> aus! Alle Teilnehmerinnen und Teilnehmer des <a href=\"http:\/\/www.trommelbauer.de\/wp-content\/uploads\/2011\/09\/Designfestival-Werkstatt5.jpg\"><img loading=\"lazy\" decoding=\"async\" title=\"Designfestival Werkstatt5\" class=\"alignright\" src=\"http:\/\/www.trommelbauer.de\/wp-content\/uploads\/2011\/09\/Designfestival-Werkstatt5-150x150.jpg\" alt=\"\" width=\"90\" height=\"90\" \/><\/a>Kurses  erleben den Tag in einer Stimmung, die so ausgedr\u00fcckt werden kann: Wir  lieben es, wenn ein Plan gelingt! Die winzigen Modelle wurden bereits in  lebensgro\u00dfe M\u00f6bel verwandelt.<a href=\"http:\/\/www.trommelbauer.de\/wp-content\/uploads\/2011\/09\/Designfestival-Schleifen.jpg\"><img loading=\"lazy\" decoding=\"async\" title=\"Designfestival Schleifen\" class=\"alignleft\" src=\"http:\/\/www.trommelbauer.de\/wp-content\/uploads\/2011\/09\/Designfestival-Schleifen-150x150.jpg\" alt=\"\" width=\"84\" height=\"84\" \/><\/a> Ein lustiges und gesch\u00e4ftiges Treiben, aber auch<a href=\"http:\/\/www.trommelbauer.de\/wp-content\/uploads\/2011\/09\/Designfestival-Schwei%C3%9Fen.jpg\" rel=\"thumbnail\"><img loading=\"lazy\" decoding=\"async\" title=\"Designfestival Schwei\u00dfen\" class=\"alignright\" src=\"http:\/\/www.trommelbauer.de\/wp-content\/uploads\/2011\/09\/Designfestival-Schwei%C3%9Fen-150x150.jpg\" alt=\"\" width=\"90\" height=\"90\" \/><\/a> konzentriertes Arbeiten pr\u00e4gt die Stimmmung. F\u00fcr alle f\u00fchrt der Designprozess auch zu Begegnungen mit neuen Arbeitsweisen und <a href=\"http:\/\/www.trommelbauer.de\/wp-content\/uploads\/2011\/09\/Designfestival-Stuhlmodell3.jpg\"><img loading=\"lazy\" decoding=\"async\" title=\"Designfestival Stuhlmodell3\" class=\"alignleft\" src=\"http:\/\/www.trommelbauer.de\/wp-content\/uploads\/2011\/09\/Designfestival-Stuhlmodell3-150x150.jpg\" alt=\"\" width=\"90\" height=\"90\" \/><\/a>Techniken. So kann das Schwei\u00dfen und Schmieden genutzt werden<a href=\"http:\/\/www.trommelbauer.de\/wp-content\/uploads\/2011\/09\/Designfestival-Werkstatt7.jpg\"><img loading=\"lazy\" decoding=\"async\" title=\"Designfestival Werkstatt7\" class=\"alignright\" src=\"http:\/\/www.trommelbauer.de\/wp-content\/uploads\/2011\/09\/Designfestival-Werkstatt7-150x150.jpg\" alt=\"\" width=\"90\" height=\"90\" \/><\/a> oder man lernt Holzbearbeitungsmaschinen kennen. <a href=\"http:\/\/www.trommelbauer.de\">Hier kann man weiterlesen und weitere Bilder sehen: www.Trommelbauer.de<\/a><\/p>\n","protected":false},"excerpt":{"rendered":"<p>Einfach mal nur so sitzen, nichts weiter machen, nur so sitzen. Von Loriot wissen wir, das ist nicht so einfach! Aber jetzt l\u00e4uft das Festival der Designer an der Akademie Remscheid! Da wird nur am Thema \u201cSitzen\u201d gearbeitet. Gestern am Montag den 26. September 2011 hat es angefangen und schon sind die ersten Ergebnisse zu &hellip; <a href=\"https:\/\/www.werkpaedagogik.de\/?p=280\" class=\"more-link\"><span class=\"screen-reader-text\">\u201eErst Design macht das Leben fein!\u201c<\/span> weiterlesen<\/a><\/p>\n","protected":false},"author":2,"featured_media":0,"comment_status":"closed","ping_status":"closed","sticky":false,"template":"","format":"standard","meta":{"footnotes":""},"categories":[3],"tags":[21,22,23,24,26,29,32,33,34,38,43],"class_list":["post-280","post","type-post","status-publish","format-standard","hentry","category-allgemeines","tag-design","tag-designpadagogik","tag-fortbildung","tag-holz","tag-holzwerkstatt","tag-kurs","tag-mobeldesign","tag-selber-machen","tag-sitzen","tag-stuhl","tag-werkpadagogik"],"_links":{"self":[{"href":"https:\/\/www.werkpaedagogik.de\/index.php?rest_route=\/wp\/v2\/posts\/280","targetHints":{"allow":["GET"]}}],"collection":[{"href":"https:\/\/www.werkpaedagogik.de\/index.php?rest_route=\/wp\/v2\/posts"}],"about":[{"href":"https:\/\/www.werkpaedagogik.de\/index.php?rest_route=\/wp\/v2\/types\/post"}],"author":[{"embeddable":true,"href":"https:\/\/www.werkpaedagogik.de\/index.php?rest_route=\/wp\/v2\/users\/2"}],"replies":[{"embeddable":true,"href":"https:\/\/www.werkpaedagogik.de\/index.php?rest_route=%2Fwp%2Fv2%2Fcomments&post=280"}],"version-history":[{"count":0,"href":"https:\/\/www.werkpaedagogik.de\/index.php?rest_route=\/wp\/v2\/posts\/280\/revisions"}],"wp:attachment":[{"href":"https:\/\/www.werkpaedagogik.de\/index.php?rest_route=%2Fwp%2Fv2%2Fmedia&parent=280"}],"wp:term":[{"taxonomy":"category","embeddable":true,"href":"https:\/\/www.werkpaedagogik.de\/index.php?rest_route=%2Fwp%2Fv2%2Fcategories&post=280"},{"taxonomy":"post_tag","embeddable":true,"href":"https:\/\/www.werkpaedagogik.de\/index.php?rest_route=%2Fwp%2Fv2%2Ftags&post=280"}],"curies":[{"name":"wp","href":"https:\/\/api.w.org\/{rel}","templated":true}]}}