{"id":258,"date":"2011-06-10T01:06:40","date_gmt":"2011-06-09T23:06:40","guid":{"rendered":"http:\/\/www.werkpaedagogik.de\/?p=258"},"modified":"2011-06-10T01:06:40","modified_gmt":"2011-06-09T23:06:40","slug":"land-art-fortbildung-in-remscheid","status":"publish","type":"post","link":"https:\/\/www.werkpaedagogik.de\/?p=258","title":{"rendered":"Land-Art, Fortbildung in Remscheid"},"content":{"rendered":"<p>Land-Art als Kunstform erh\u00e4lt durch die Ereignisse der Zeit eine besondere Aktualit\u00e4t. Es geht um die Spuren in der <a href=\"https:\/\/www.werkpaedagogik.de\/wp-content\/uploads\/2011\/06\/land-art-objekt-B109.jpg\"><img loading=\"lazy\" decoding=\"async\" class=\"alignleft size-thumbnail wp-image-261\" title=\"land-art-objekt-B109\" src=\"https:\/\/www.werkpaedagogik.de\/wp-content\/uploads\/2011\/06\/land-art-objekt-B109-150x150.jpg\" alt=\"\" width=\"90\" height=\"90\" \/><\/a>Landschaft, die ganz bewu\u00dft von einem Menschen in ein Landschaftsbild eingef\u00fcgt werden. Hier erf\u00e4hrt sich der Mensch<a href=\"https:\/\/www.werkpaedagogik.de\/wp-content\/uploads\/2011\/06\/land-art176.jpg\"><img loading=\"lazy\" decoding=\"async\" class=\"alignright size-thumbnail wp-image-259\" title=\"land-art176\" src=\"https:\/\/www.werkpaedagogik.de\/wp-content\/uploads\/2011\/06\/land-art176-150x150.jpg\" alt=\"\" width=\"90\" height=\"90\" \/><\/a> als Gestalter eines gro\u00dfen Zusammenhangs und dokumentiert diesen Zusammenhang von menschlichem Leben und Natur in einem Foto. Es ist ein besonderer Werkprozess mit den Naturmaterialien, es ist aber auch ein Gebrauch fotografischer Mittel.<\/p>\n<p>Ein Fortbildungskurs in der Akademie Remscheid beantwortet Fragen zu diesem Thema. Dieser <a href=\"https:\/\/www.werkpaedagogik.de\/wp-content\/uploads\/2011\/06\/Mohn-ist-auch-Land-Art-usedom.jpg\"><img loading=\"lazy\" decoding=\"async\" class=\"alignright size-thumbnail wp-image-266\" title=\"Mohn ist auch Land-Art-usedom\" src=\"https:\/\/www.werkpaedagogik.de\/wp-content\/uploads\/2011\/06\/Mohn-ist-auch-Land-Art-usedom-150x150.jpg\" alt=\"\" width=\"90\" height=\"90\" \/><\/a><a href=\"https:\/\/www.werkpaedagogik.de\/wp-content\/uploads\/2011\/06\/land-art-B108.jpg\"><img loading=\"lazy\" decoding=\"async\" class=\"alignleft size-thumbnail wp-image-264\" title=\"land-art-B108\" src=\"https:\/\/www.werkpaedagogik.de\/wp-content\/uploads\/2011\/06\/land-art-B108-150x150.jpg\" alt=\"\" width=\"90\" height=\"90\" \/><\/a>Kurs findet im sch\u00f6nen August, vom 27.8. bis zum 31. 8. statt. Alle Menschen, die sich f\u00fcr Kunst und Natur interessieren, k\u00f6nnen sich anmelden und daran teilnehmen. Der Kurs ist immer wieder ein erholsamer Bildungsurlaub. Man lernt in der Natur und mit Naturmaterialien zu gestalten. Die Leiter des Kurses sind im Bereich Land-Art aktive K\u00fcnstler und erfahrenen Kunstp\u00e4dagogen und geben einen Einblick in die eigenen Arbeiten in der Landschaft. Es wird viel in der Natur gearbeitet und von den Ergebnisse werden Fotos angefertigt. Die Anmeldung zum Kurs kann auch direkt auf der Homepage der Akademie Remscheid erfolgen:<\/p>\n<p><a href=\"http:\/\/www.akademieremscheid.de\/kurse\/kurse.php?id=491\">http:\/\/www.akademieremscheid.de\/kurse\/kurse.php?id=491<\/a><\/p>\n","protected":false},"excerpt":{"rendered":"<p>Land-Art als Kunstform erh\u00e4lt durch die Ereignisse der Zeit eine besondere Aktualit\u00e4t. Es geht um die Spuren in der Landschaft, die ganz bewu\u00dft von einem Menschen in ein Landschaftsbild eingef\u00fcgt werden. Hier erf\u00e4hrt sich der Mensch als Gestalter eines gro\u00dfen Zusammenhangs und dokumentiert diesen Zusammenhang von menschlichem Leben und Natur in einem Foto. Es ist &hellip; <a href=\"https:\/\/www.werkpaedagogik.de\/?p=258\" class=\"more-link\"><span class=\"screen-reader-text\">\u201eLand-Art, Fortbildung in Remscheid\u201c<\/span> weiterlesen<\/a><\/p>\n","protected":false},"author":2,"featured_media":0,"comment_status":"closed","ping_status":"closed","sticky":false,"template":"","format":"standard","meta":{"footnotes":""},"categories":[3],"tags":[],"class_list":["post-258","post","type-post","status-publish","format-standard","hentry","category-allgemeines"],"_links":{"self":[{"href":"https:\/\/www.werkpaedagogik.de\/index.php?rest_route=\/wp\/v2\/posts\/258","targetHints":{"allow":["GET"]}}],"collection":[{"href":"https:\/\/www.werkpaedagogik.de\/index.php?rest_route=\/wp\/v2\/posts"}],"about":[{"href":"https:\/\/www.werkpaedagogik.de\/index.php?rest_route=\/wp\/v2\/types\/post"}],"author":[{"embeddable":true,"href":"https:\/\/www.werkpaedagogik.de\/index.php?rest_route=\/wp\/v2\/users\/2"}],"replies":[{"embeddable":true,"href":"https:\/\/www.werkpaedagogik.de\/index.php?rest_route=%2Fwp%2Fv2%2Fcomments&post=258"}],"version-history":[{"count":0,"href":"https:\/\/www.werkpaedagogik.de\/index.php?rest_route=\/wp\/v2\/posts\/258\/revisions"}],"wp:attachment":[{"href":"https:\/\/www.werkpaedagogik.de\/index.php?rest_route=%2Fwp%2Fv2%2Fmedia&parent=258"}],"wp:term":[{"taxonomy":"category","embeddable":true,"href":"https:\/\/www.werkpaedagogik.de\/index.php?rest_route=%2Fwp%2Fv2%2Fcategories&post=258"},{"taxonomy":"post_tag","embeddable":true,"href":"https:\/\/www.werkpaedagogik.de\/index.php?rest_route=%2Fwp%2Fv2%2Ftags&post=258"}],"curies":[{"name":"wp","href":"https:\/\/api.w.org\/{rel}","templated":true}]}}