{"id":244,"date":"2010-12-02T13:39:31","date_gmt":"2010-12-02T11:39:31","guid":{"rendered":"http:\/\/www.werkpaedagogik.de\/?p=244"},"modified":"2010-12-02T13:39:31","modified_gmt":"2010-12-02T11:39:31","slug":"jetzt-neu-kunstpadagogik-fur-die-ganztagsschule-ausbildungsgang-beginnt-2011","status":"publish","type":"post","link":"https:\/\/www.werkpaedagogik.de\/?p=244","title":{"rendered":"Jetzt neu!  Kunstp\u00e4dagogik f\u00fcr die Ganztagsschule, Ausbildungsgang beginnt 2011"},"content":{"rendered":"<p>Mit einer neuen Info-Seite pr\u00e4sentiert sich die Qualifizierung &#8222;\u00c4sthetische Bildung an Jugendkunstschulen und Ganztagsschulen&#8220;. Das ist ein besonders beliebter Ausbildungsgang f\u00fcr die kunstp\u00e4dagogische Praxis an Ganztagsschulen und Jugendkunstschulen. Die neue Fortbildungsreihe beginnt am 14. 2. 2011.\u00a0 hier kann sich jeder um einen Platz bewerben, der in der Ganztagsschule im kulturellen Bereich arbeiten oder sich an einer Jugendkunstschule bewerben m\u00f6chte. Mit einem Lebenslauf und einer kurzen \u00dcbersicht \u00fcber die eigenen k\u00fcnstlerischen und \/oder p\u00e4dagogischen Erfahrungen kann man sich an der Akademie Remscheid bewerben. Die Situation der Einf\u00fchrung des Ganztagsbetriebes an vielen Schulen in Deutschland macht es notwendig, dass einige Jugendkunstschulen ihren Wirkungsbereich auf die Arbeit in den Schulen ausdehnen m\u00fcssen. Daher werden ausgebildete Fachkr\u00e4fte ben\u00f6tigt. Mit einer kunstp\u00e4dagogischen Ausbildung in dieser Qualifizierungsma\u00dfnahme, wird eine erfolgreiche Bewerbungslage geschaffen. Viele Absolventen haben durch diese Fortbildung ihre p\u00e4dagogischen F\u00e4higkeiten und k\u00fcnstlerischen Anlagen verbunden und sich dadurch ein neues T\u00e4tigkeitsfeld erobert. Informieren sie sich auf der <a href=\"http:\/\/www.ganztag.com \">neuen Internetseite &#8222;aesthetische-bildung-im-ganztag&#8220; <\/a>\u00fcber die M\u00f6glichkeiten, mit der Kunst p\u00e4dagogisch zu arbeiten!<\/p>\n","protected":false},"excerpt":{"rendered":"<p>Mit einer neuen Info-Seite pr\u00e4sentiert sich die Qualifizierung &#8222;\u00c4sthetische Bildung an Jugendkunstschulen und Ganztagsschulen&#8220;. Das ist ein besonders beliebter Ausbildungsgang f\u00fcr die kunstp\u00e4dagogische Praxis an Ganztagsschulen und Jugendkunstschulen. Die neue Fortbildungsreihe beginnt am 14. 2. 2011.\u00a0 hier kann sich jeder um einen Platz bewerben, der in der Ganztagsschule im kulturellen Bereich arbeiten oder sich an &hellip; <a href=\"https:\/\/www.werkpaedagogik.de\/?p=244\" class=\"more-link\"><span class=\"screen-reader-text\">\u201eJetzt neu!  Kunstp\u00e4dagogik f\u00fcr die Ganztagsschule, Ausbildungsgang beginnt 2011\u201c<\/span> weiterlesen<\/a><\/p>\n","protected":false},"author":2,"featured_media":0,"comment_status":"closed","ping_status":"closed","sticky":false,"template":"","format":"standard","meta":{"footnotes":""},"categories":[3],"tags":[],"class_list":["post-244","post","type-post","status-publish","format-standard","hentry","category-allgemeines"],"_links":{"self":[{"href":"https:\/\/www.werkpaedagogik.de\/index.php?rest_route=\/wp\/v2\/posts\/244","targetHints":{"allow":["GET"]}}],"collection":[{"href":"https:\/\/www.werkpaedagogik.de\/index.php?rest_route=\/wp\/v2\/posts"}],"about":[{"href":"https:\/\/www.werkpaedagogik.de\/index.php?rest_route=\/wp\/v2\/types\/post"}],"author":[{"embeddable":true,"href":"https:\/\/www.werkpaedagogik.de\/index.php?rest_route=\/wp\/v2\/users\/2"}],"replies":[{"embeddable":true,"href":"https:\/\/www.werkpaedagogik.de\/index.php?rest_route=%2Fwp%2Fv2%2Fcomments&post=244"}],"version-history":[{"count":0,"href":"https:\/\/www.werkpaedagogik.de\/index.php?rest_route=\/wp\/v2\/posts\/244\/revisions"}],"wp:attachment":[{"href":"https:\/\/www.werkpaedagogik.de\/index.php?rest_route=%2Fwp%2Fv2%2Fmedia&parent=244"}],"wp:term":[{"taxonomy":"category","embeddable":true,"href":"https:\/\/www.werkpaedagogik.de\/index.php?rest_route=%2Fwp%2Fv2%2Fcategories&post=244"},{"taxonomy":"post_tag","embeddable":true,"href":"https:\/\/www.werkpaedagogik.de\/index.php?rest_route=%2Fwp%2Fv2%2Ftags&post=244"}],"curies":[{"name":"wp","href":"https:\/\/api.w.org\/{rel}","templated":true}]}}